{"id":3095,"date":"2016-05-09T10:46:24","date_gmt":"2016-05-09T09:46:24","guid":{"rendered":"http:\/\/mediateca.ravalnet.org\/capsules\/2016\/05\/09\/las-pieceras-antonia\/"},"modified":"2022-08-11T11:34:56","modified_gmt":"2022-08-11T10:34:56","slug":"las-pieceras-antonia","status":"publish","type":"post","link":"https:\/\/mediateca.ravalnet.org\/capsules\/2016\/05\/09\/las-pieceras-antonia\/","title":{"rendered":"Las Pieceras. Ant\u00f2nia"},"content":{"rendered":"\n<figure class=\"wp-block-video\"><video controls src=\"https:\/\/mediateca.ravalnet.org\/capsules\/wp-content\/uploads\/\/sites\/5\/2022\/08\/pieceras_antonia.mp4\"><\/video><\/figure>\n\n\n\n<p>L&#8217;Ant\u00f2nia va viure sempre al POBLE SEC al carrer Roser. Els pares tenien una botiga de g\u00e8neres de punt al mateix carrer, en casar-se es quedar a viure amb el seu marit i els seus pares a la botiga. Als vespres i diumenges ella es treia un sobresou forrant botons per una empresa t\u00e8xtil. Al mateix temps que feia la crian\u00e7a dels fills amb la ajut de la seva mare.<\/p>\n\n\n\n<p>Aquest v\u00eddeo est\u00e0 dedicat a l&#8217;Ant\u00f2nia, que mor\u00ed uns mesos despr\u00e9s d&#8217;acabar el projecte de \u00abLas Pieceras\u00bb.<\/p>\n\n\n\n<p>Gr\u00e0cies Ant\u00f2nia de tot cor per la teva gran amistat.<\/p>\n","protected":false},"excerpt":{"rendered":"<p>L&#8217;Ant\u00f2nia va viure sempre al POBLE SEC al carrer Roser. Els pares tenien una botiga de g\u00e8neres de punt al mateix carrer, en casar-se es quedar a viure amb el seu marit i els seus pares a la botiga. Als vespres i diumenges ella es treia un sobresou forrant botons per una empresa t\u00e8xtil.<\/p>\n","protected":false},"author":142,"featured_media":3249,"comment_status":"open","ping_status":"open","sticky":false,"template":"","format":"standard","meta":{"neve_meta_sidebar":"","neve_meta_container":"","neve_meta_enable_content_width":"","neve_meta_content_width":0,"neve_meta_title_alignment":"","neve_meta_author_avatar":"","neve_post_elements_order":"","neve_meta_disable_header":"","neve_meta_disable_footer":"","neve_meta_disable_title":"","_themeisle_gutenberg_block_has_review":false,"footnotes":""},"categories":[1,639],"tags":[],"dc_source":[1086],"dc_format":[27,28],"dc_creator_name":[784,1467,634,1299,1107,786],"dc_contributor":[1424],"dc_date":[1351],"dc_type":[1281,1282],"dc_coverage":[1468,50],"dc_rightsholder":[],"dc_educationlevel":[],"dc_description":[1469,1455,1470],"class_list":["post-3095","post","type-post","status-publish","format-standard","has-post-thumbnail","hentry","category-arxiu","category-las-pieceras","dc_source-senyalem-la-memoria-3","dc_format-image","dc_format-movingimage","dc_creator_name-adelaida","dc_creator_name-antonia","dc_creator_name-josep-carrio","dc_creator_name-maria-casas","dc_creator_name-marta","dc_creator_name-roberta","dc_contributor-las-pieceras","dc_date-1351","dc_type-image","dc_type-movingimage","dc_coverage-carrer-roser","dc_coverage-raval","dc_description-botons","dc_description-comerc","dc_description-confeccio-textil"],"jetpack_featured_media_url":"https:\/\/mediateca.ravalnet.org\/capsules\/wp-content\/uploads\/\/sites\/5\/2017\/03\/captura_antonia_1.png","_links":{"self":[{"href":"https:\/\/mediateca.ravalnet.org\/capsules\/wp-json\/wp\/v2\/posts\/3095","targetHints":{"allow":["GET"]}}],"collection":[{"href":"https:\/\/mediateca.ravalnet.org\/capsules\/wp-json\/wp\/v2\/posts"}],"about":[{"href":"https:\/\/mediateca.ravalnet.org\/capsules\/wp-json\/wp\/v2\/types\/post"}],"author":[{"embeddable":true,"href":"https:\/\/mediateca.ravalnet.org\/capsules\/wp-json\/wp\/v2\/users\/142"}],"replies":[{"embeddable":true,"href":"https:\/\/mediateca.ravalnet.org\/capsules\/wp-json\/wp\/v2\/comments?post=3095"}],"version-history":[{"count":5,"href":"https:\/\/mediateca.ravalnet.org\/capsules\/wp-json\/wp\/v2\/posts\/3095\/revisions"}],"predecessor-version":[{"id":3717,"href":"https:\/\/mediateca.ravalnet.org\/capsules\/wp-json\/wp\/v2\/posts\/3095\/revisions\/3717"}],"wp:featuredmedia":[{"embeddable":true,"href":"https:\/\/mediateca.ravalnet.org\/capsules\/wp-json\/wp\/v2\/media\/3249"}],"wp:attachment":[{"href":"https:\/\/mediateca.ravalnet.org\/capsules\/wp-json\/wp\/v2\/media?parent=3095"}],"wp:term":[{"taxonomy":"category","embeddable":true,"href":"https:\/\/mediateca.ravalnet.org\/capsules\/wp-json\/wp\/v2\/categories?post=3095"},{"taxonomy":"post_tag","embeddable":true,"href":"https:\/\/mediateca.ravalnet.org\/capsules\/wp-json\/wp\/v2\/tags?post=3095"},{"taxonomy":"dc_source","embeddable":true,"href":"https:\/\/mediateca.ravalnet.org\/capsules\/wp-json\/wp\/v2\/dc_source?post=3095"},{"taxonomy":"dc_format","embeddable":true,"href":"https:\/\/mediateca.ravalnet.org\/capsules\/wp-json\/wp\/v2\/dc_format?post=3095"},{"taxonomy":"dc_creator_name","embeddable":true,"href":"https:\/\/mediateca.ravalnet.org\/capsules\/wp-json\/wp\/v2\/dc_creator_name?post=3095"},{"taxonomy":"dc_contributor","embeddable":true,"href":"https:\/\/mediateca.ravalnet.org\/capsules\/wp-json\/wp\/v2\/dc_contributor?post=3095"},{"taxonomy":"dc_date","embeddable":true,"href":"https:\/\/mediateca.ravalnet.org\/capsules\/wp-json\/wp\/v2\/dc_date?post=3095"},{"taxonomy":"dc_type","embeddable":true,"href":"https:\/\/mediateca.ravalnet.org\/capsules\/wp-json\/wp\/v2\/dc_type?post=3095"},{"taxonomy":"dc_coverage","embeddable":true,"href":"https:\/\/mediateca.ravalnet.org\/capsules\/wp-json\/wp\/v2\/dc_coverage?post=3095"},{"taxonomy":"dc_rightsholder","embeddable":true,"href":"https:\/\/mediateca.ravalnet.org\/capsules\/wp-json\/wp\/v2\/dc_rightsholder?post=3095"},{"taxonomy":"dc_educationlevel","embeddable":true,"href":"https:\/\/mediateca.ravalnet.org\/capsules\/wp-json\/wp\/v2\/dc_educationlevel?post=3095"},{"taxonomy":"dc_description","embeddable":true,"href":"https:\/\/mediateca.ravalnet.org\/capsules\/wp-json\/wp\/v2\/dc_description?post=3095"}],"curies":[{"name":"wp","href":"https:\/\/api.w.org\/{rel}","templated":true}]}}